{"id":831,"date":"2014-12-08T18:05:48","date_gmt":"2014-12-08T17:05:48","guid":{"rendered":"https:\/\/esotericlink.com\/blog\/blog\/?p=831"},"modified":"2014-12-08T18:09:56","modified_gmt":"2014-12-08T17:09:56","slug":"aura-humana-como-funciona-e-influencia-nossa-vida","status":"publish","type":"post","link":"https:\/\/esotericlink.com\/blog\/blog\/2014\/12\/08\/aura-humana-como-funciona-e-influencia-nossa-vida\/","title":{"rendered":"Aura humana &#8211; como funciona e influencia a nossa vida"},"content":{"rendered":"<h1>\u00a0<img fetchpriority=\"high\" decoding=\"async\" class=\"aligncenter  wp-image-834\" src=\"https:\/\/esotericlink.com\/blog\/wp-content\/uploads\/2014\/09\/Aura-como-funciona-artigo.jpg\" alt=\"Aura como funciona \" width=\"735\" height=\"419\" srcset=\"https:\/\/esotericlink.com\/blog\/wp-content\/uploads\/2014\/09\/Aura-como-funciona-artigo.jpg 600w, https:\/\/esotericlink.com\/blog\/wp-content\/uploads\/2014\/09\/Aura-como-funciona-artigo-300x171.jpg 300w\" sizes=\"(max-width: 735px) 100vw, 735px\" \/><\/h1>\n<h1><strong>Os mist\u00e9rios da Aura humana<\/strong><\/h1>\n<p style=\"text-align: justify;\">No artigo anterior &#8220;<a href=\"https:\/\/esotericlink.com\/blog\/blog\/2014\/09\/12\/o-que-e-aura-uma-validacao-cientifica\/\">O que \u00e9 a Aura?<\/a>&#8220;, abord\u00e1mos o que \u00e9 a Aura e os estudos cient\u00edficos que validam a sua exist\u00eancia. No presente artigo pretendemos explicar como a Aura funciona, o que influencia a sua forma\u00e7\u00e3o e vibra\u00e7\u00e3o, bem como a influ\u00eancia que a pr\u00f3pria Aura possui nas nossas vidas.<\/p>\n<h2><span style=\"font-size: 20px; color: #333333;\"><strong>Sentimentos, pensamentos e a dieta da Aura humana<\/strong><\/span><\/h2>\n<p style=\"text-align: justify;\">Ap\u00f3s a leitura da 1\u00aa parte deste artigo torna-se claro que n\u00f3s podemos influenciar o mundo que nos rodeia, mas o oposto tamb\u00e9m se verifica, isto \u00e9, tudo o que nos rodeia, o que vemos, tocamos, ingerimos\u2026 influencia-nos de alguma forma, consciente ou inconscientemente e, por conseguinte, influencia o campo energ\u00e9tico da nossa Aura.<\/p>\n<p style=\"text-align: justify;\">A dieta, em geral, tem um efeito preponderante sobre a Aura humana, mas n\u00e3o nos referimos apenas aos alimentos que digerimos quotidianamente! Mais importante do que esses, o que ingerimos atrav\u00e9s dos nossos olhos e ouvidos, bem como os pensamos que \u201cconfecionamos\u201d e consumimos, afetam significativamente a intensidade e a colora\u00e7\u00e3o da nossa aura.<\/p>\n<p style=\"text-align: justify;\">Decerto j\u00e1 deve ter ouvido dizer a express\u00e3o \u201cN\u00f3s somos o que comemos\u201d, pois esta \u00e9 uma afirma\u00e7\u00e3o bem real e verdadeira, uma vez que o nosso campo energ\u00e9tico vai absorvendo a energia daquilo que comemos regularmente, daquilo que vemos e ouvimos regularmente, bem como daquilo que pensamos regularmente.<\/p>\n<p style=\"text-align: justify;\">Tudo o que sejam excessos de energias inferiores ou negativas que consumemos, como excesso de carnes vermelhas, excesso de filmes e s\u00e9ries que retratem os actos violentos e negativos da humanidade, bem como o excesso de conversas e pensamentos depreciativos e negativos, ir\u00e3o afectar negativamente a vibra\u00e7\u00e3o da nossa Aura. Por conseguinte, isso ir\u00e1 repercutir-se no nosso dia-a-dia, naquilo que atra\u00edmos, naquilo que somos\u2026<\/p>\n<p style=\"text-align: justify;\">\u00c9, portanto, de extrema import\u00e2ncia prestar aten\u00e7\u00e3o ao que consumimos diariamente, para al\u00e9m do valor nutricional dos alimentos, pois quanto mais negativa for a nossa \u201calimenta\u00e7\u00e3o\u201d mais baixa ser\u00e1 a nossa vibra\u00e7\u00e3o e, por conseguinte, ser\u00e1 esse o padr\u00e3o energ\u00e9tico que iremos atrair para as nossas vidas.<\/p>\n<h2><span style=\"font-size: 20px; color: #333333;\"><strong>As vibra\u00e7\u00f5es da Aura humana<\/strong><\/span><\/h2>\n<p style=\"text-align: justify;\">A vibra\u00e7\u00e3o da sua Aura est\u00e1 relacionada com o seu estado f\u00edsico, mental e espiritual.<\/p>\n<p style=\"text-align: justify;\">A sua Aura poder\u00e1 irradiar uma cor e brilho intensos, sempre que voc\u00ea se sentir feliz, aben\u00e7oado, ou quando est\u00e1, simplesmente, num estado mental positivo. Da mesma forma, a auto-valoriza\u00e7\u00e3o e a valoriza\u00e7\u00e3o dos demais faz intensificar a sua Aura, desencadeando, no seu cora\u00e7\u00e3o, a emiss\u00e3o de uma vibra\u00e7\u00e3o brilhante, em tons de rosa e dourado, sempre que sente essas emo\u00e7\u00f5es positivas.<\/p>\n<p style=\"text-align: justify;\">Por outro lado, quando voc\u00ea se sente irritado, triste, deprimido, ansioso ou sente qualquer outro tipo de emo\u00e7\u00e3o negativa, a emiss\u00e3o vibracional da sua Aura contrai-se, diminui e a sua cor torna-se esbatida. A sua vibra\u00e7\u00e3o perde o brilho, a vitalidade e o encantamento. Da mesma forma, a auto-desvaloriza\u00e7\u00e3o e a deprecia\u00e7\u00e3o dos outros faz diminuir o brilho e tamanho da sua aura, impedindo-o de emitir uma energia harmoniosa e ben\u00e9fica.<\/p>\n<h2><span style=\"font-size: 20px; color: #333333;\"><strong>A Aura e o poder da atra\u00e7\u00e3o<\/strong><\/span><\/h2>\n<p style=\"text-align: justify;\">\u00c9 poss\u00edvel comprovar o poder de atra\u00e7\u00e3o e repuls\u00e3o que os \u00edmans naturais ou artificiais exercem, pois apesar de este n\u00e3o ser vis\u00edvel a olho nu, \u00e9, contudo, observado o efeito produzido. Da mesma forma, a Aura humana \u00e9 respons\u00e1vel tanto pela atra\u00e7\u00e3o como pela repuls\u00e3o entre pessoas. Ora vejamos\u2026<\/p>\n<p style=\"text-align: justify;\">Entre os seres humanos a aura assume uma dimens\u00e3o mais elevada em vibra\u00e7\u00f5es que v\u00e3o al\u00e9m das cores e irradia\u00e7\u00e3o. Um bom exemplo \u00e9 o que ocorre quando voc\u00ea percebe que n\u00e3o se sente bem ao lado de uma \u201cdeterminada pessoa\u201d, ou sente que n\u00e3o existe empatia, sem sequer conhecer a pessoa ou trocar uma palavra que seja! Ou, pelo contr\u00e1rio, sente uma inexplic\u00e1vel empatia por algu\u00e9m que conhece pela primeira vez. Estas \u201ccoisas\u201d que nos acontecem e que, normalmente, n\u00f3s n\u00e3o sabemos explicar s\u00e3o, na realidade, trocas de energias que se d\u00e3o ao n\u00edvel energ\u00e9tico da nossa Aura e que nos transmitem as sensa\u00e7\u00f5es de atra\u00e7\u00e3o ou de repulsa.<\/p>\n<p style=\"text-align: justify;\">Estas sensa\u00e7\u00f5es, promovidas pela nossa Aura, s\u00e3o normais e funcionam como uma esp\u00e9cie de selector natural que nos aproxima das pessoas que possuem uma vibra\u00e7\u00e3o energ\u00e9tica semelhante ou compat\u00edvel e nos afasta das que possuem uma vibra\u00e7\u00e3o energ\u00e9tica mais baixa ou incompat\u00edvel.<\/p>\n<h2><span style=\"font-size: 20px; color: #333333;\"><strong>Erros \u00c1uricos <\/strong><\/span><\/h2>\n<p style=\"text-align: justify;\">Desacostumados a lidar com a linguagem \u00e1urica, cometemos, regularmente, um erro cl\u00e1ssico. Quando algo nos aborrece, quando nos sentimos tristes ou frustrados, muitas vezes agimos por impulso, ca\u00edmos em exageros e por vezes at\u00e9 fazemos coisas que, na realidade, n\u00e3o combinam com a nossa ess\u00eancia. Alguns assaltam o frigor\u00edfico, outros a garrafeira, muitos decidem ir \u00e0s compras e existe at\u00e9 quem se refugie no sexo, enfim\u2026 somos humanos e errar sempre foi um caminho.<\/p>\n<p style=\"text-align: justify;\">Na verdade, o que acontece a maior parte das vezes \u00e9 que, ao sentirmo-nos mal surge uma enorme necessidade de evas\u00e3o dessa sensa\u00e7\u00e3o, de escape e de compensa\u00e7\u00e3o emocional. Isso nos leva a procurarmos dar \u00e0 nossa aura \u201caquilo\u201d que est\u00e1 a faltar, mas como n\u00e3o sabemos o que \u00e9 acabamos ref\u00e9ns dos nossos impulsos mais prim\u00e1rios, isto \u00e9, agimos de acordo com a vibra\u00e7\u00e3o que a nossa Aura possui nesse momento, por isso muitas vezes ouvimos dizer ou dizemos <strong>\u201cfoi um impulso do momento\u201d<\/strong>.<\/p>\n<p style=\"text-align: justify;\">N\u00e3o \u00e9 que seja errado comer, beber ou comprar aquilo que nos d\u00e1 prazer! Devemos faz\u00ea-lo, sim, e regularmente! Devemos presentear-nos com algo que nos mime, comer aquele docinho sem culpas ou beber aquele segundo copo de um vinho fant\u00e1stico que estava h\u00e1 anos guardado na garrafeira. Mas devemos faz\u00ea-lo com respeito por n\u00f3s pr\u00f3prios, pela nossa ess\u00eancia, sem exageros, pois caso contr\u00e1rio sabemos que, de alguma forma, nos acabamos por arrepender ou sentir pior por acrescentar ainda mais um fardo de culpa ao sentimento do qual nos quer\u00edamos livrar.<\/p>\n<p style=\"text-align: justify;\">Sentir-se mal, desanimado ou em baixo \u00e9 normal mas n\u00e3o \u00e9 o seu estado normal, lembre-se disso. Nesses momentos a sua energia fica diferente e a vibra\u00e7\u00e3o da sua Aura altera-se, tornando-se distinta da sua ess\u00eancia. Uma vez que tudo o que n\u00f3s vemos, ouvimos, tocamos e saborearmos consiste de pura energia e que, como j\u00e1 foi abordado no ponto anterior, a Aura \u00e9 respons\u00e1vel pela atrac\u00e7\u00e3o e repulsa energ\u00e9tica que ocorre entre as pessoas e o seu entorno, quer dizer que nesses momentos n\u00f3s n\u00e3o atra\u00edmos, nem nos sentimos atra\u00eddos, pelas mesmas coisas, isto \u00e9, pelas coisas que costumamos gostar quando nos sentimos bem.<\/p>\n<p style=\"text-align: justify;\"><strong>Por esta altura voc\u00ea j\u00e1 deve estar a perceber a raz\u00e3o da exist\u00eancia de algumas das pe\u00e7as que decoram a sua casa e o seu guarda-vestidos! N\u00e3o?<\/strong><\/p>\n<p style=\"text-align: justify;\">Portanto, e para que n\u00e3o reste qualquer d\u00favida, seja o que for que fa\u00e7a, coma, beba ou compre nessas alturas, ser\u00e1 algo que apenas combina com a vibra\u00e7\u00e3o que tem no momento e com a qual voc\u00ea pr\u00f3prio n\u00e3o gosta de se identificar (creio que ningu\u00e9m gosta de se identificar com sentimentos negativos). Se gastar uma fortuna numa roupa o mais prov\u00e1vel \u00e9 que, passados alguns dias, nem sequer a vai gostar de vestir e ainda pergunta: <strong>onde \u00e9 que eu estava com a cabe\u00e7a quando decidi comprar isto??<\/strong><\/p>\n<h3><span style=\"color: #800080; font-size: 20px;\"><strong>Procure sempre respeitar a sua ess\u00eancia \ud83d\ude09 e seja feliz!<\/strong><\/span><\/h3>\n<p><strong>Artigo relacionado: &#8220;<a href=\"https:\/\/esotericlink.com\/blog\/blog\/2014\/09\/12\/o-que-e-aura-uma-validacao-cientifica\/\">O que \u00e9 a Aura?<\/a>&#8220;<\/strong><\/p>\n<div><span style=\"font-size: 12px;\">Escrito e publicado por: <a href=\"http:\/\/www.esotericlink.com\">EsotericLink.com<\/a><\/span><\/div>\n<div><\/div>\n<div><span style=\"font-size: 12px;\">Refer\u00eancias bibliograficas:<\/span><\/div>\n<div><span style=\"font-size: 12px;\"><a href=\"http:\/\/powerofpositivity.com\/human-energy-auras-consciousness-changing-world\/\">www.powerofpositivity.com <\/a><\/span><\/div>\n<div><span style=\"font-size: 12px;\"><a href=\"http:\/\/www.heartscenter.org\/TeachingsBlogs\/FoundationalTeachings\/UnderstandingtheHumanAura\/tabid\/368\/Default.aspx#.VAQ7s6MQPbM\">www.heartscenter.org<\/a> by David C. Lewis<\/span><\/div>\n<div><span style=\"font-size: 12px;\"><a href=\"http:\/\/fusaocosmica.blogspot.pt\/2007\/07\/desvendando-os-mistrios-da-aura-humana.html\">www.fusaocosmica.blogspot.pt<\/a> by Randler Michel<\/span><\/div>\n<div><span style=\"font-size: 12px;\"><a href=\"http:\/\/fadamorgana.do.sapo.pt\/aura.htm\">www.fadamorgana.do.sapo.pt<\/a> by Morgana<\/span><\/div>\n<div><\/div>\n<div><span style=\"font-size: 12px;\">Fotografia: \u201cAura\u201d by <a href=\"https:\/\/www.flickr.com\/photos\/photograham\/362674859\/in\/photolist-6Qo5LY-9f8qYz-grPxcv-drdxG3-HyP38-mfLct3-4BjnxQ-8SbhcG-87p3wW-8uurme-4qf17F-6WHGjQ-78Wfm2-mnP5mj-hNFnHd-8WAjMH-4yMxR2-ivNWxF-cw66fh-y3NAP-azXm3b-8M59wm-7VvQkp-8aLuK3-atFsC-aiwusX-bGxSED-9sCFYd-7UzWJn-cchtK5-bUVeuV-9xLvmw-9UFDwr-atA6mc-ahgPce-bGxTcV-52i9A-aSpHet-gAjEfR-qzWgc-8sZywj-3UzcJo-aVxXZV-mpiGyY-ag4xPL-9Stf1t-65AmSh-cXJkPy-aEZfMv-aQDzA2\">Graham<\/a> \u2013 Licen\u00e7a CC Attribution-NonCommercial-ShareAlike 2.0<\/span><\/div>\n","protected":false},"excerpt":{"rendered":"<p>\u00a0 Os mist\u00e9rios da Aura humana No artigo anterior &#8220;O que \u00e9 a Aura?&#8220;, abord\u00e1mos o que \u00e9 a Aura e os estudos cient\u00edficos que validam a sua exist\u00eancia. No presente artigo pretendemos explicar&#46;&#46;&#46;<\/p>\n","protected":false},"author":3,"featured_media":834,"comment_status":"open","ping_status":"open","sticky":false,"template":"","format":"standard","meta":{"footnotes":""},"categories":[87],"tags":[84,44,27],"class_list":["post-831","post","type-post","status-publish","format-standard","has-post-thumbnail","hentry","category-energias","tag-aura","tag-energia","tag-poder-da-atraccao"],"amp_enabled":true,"_links":{"self":[{"href":"https:\/\/esotericlink.com\/blog\/wp-json\/wp\/v2\/posts\/831","targetHints":{"allow":["GET"]}}],"collection":[{"href":"https:\/\/esotericlink.com\/blog\/wp-json\/wp\/v2\/posts"}],"about":[{"href":"https:\/\/esotericlink.com\/blog\/wp-json\/wp\/v2\/types\/post"}],"author":[{"embeddable":true,"href":"https:\/\/esotericlink.com\/blog\/wp-json\/wp\/v2\/users\/3"}],"replies":[{"embeddable":true,"href":"https:\/\/esotericlink.com\/blog\/wp-json\/wp\/v2\/comments?post=831"}],"version-history":[{"count":24,"href":"https:\/\/esotericlink.com\/blog\/wp-json\/wp\/v2\/posts\/831\/revisions"}],"predecessor-version":[{"id":1006,"href":"https:\/\/esotericlink.com\/blog\/wp-json\/wp\/v2\/posts\/831\/revisions\/1006"}],"wp:featuredmedia":[{"embeddable":true,"href":"https:\/\/esotericlink.com\/blog\/wp-json\/wp\/v2\/media\/834"}],"wp:attachment":[{"href":"https:\/\/esotericlink.com\/blog\/wp-json\/wp\/v2\/media?parent=831"}],"wp:term":[{"taxonomy":"category","embeddable":true,"href":"https:\/\/esotericlink.com\/blog\/wp-json\/wp\/v2\/categories?post=831"},{"taxonomy":"post_tag","embeddable":true,"href":"https:\/\/esotericlink.com\/blog\/wp-json\/wp\/v2\/tags?post=831"}],"curies":[{"name":"wp","href":"https:\/\/api.w.org\/{rel}","templated":true}]}}